{"id":186752,"date":"2026-08-31T10:06:48","date_gmt":"2026-08-31T08:06:48","guid":{"rendered":"https:\/\/esplugaturisme.cat\/?p=186752"},"modified":"2026-09-02T10:42:17","modified_gmt":"2026-09-02T08:42:17","slug":"fira-cervesa-artesana","status":"publish","type":"post","link":"https:\/\/esplugaturisme.cat\/es\/fira-cervesa-artesana\/","title":{"rendered":"FIRA: Cervesa Artesana"},"content":{"rendered":"<p>El dia 26 de setembre es celebrar\u00e0 la 10ena edici\u00f3 de la Fira de la Cervesa Artesana i dels elaboradors locals a l&#8217;Espluga de Francol\u00ed.<\/p>\n<p>Properament publicarem el programa d&#8217;actes.<\/p>\n<p>&nbsp;<\/p>\n","protected":false},"excerpt":{"rendered":"<p>El dia 26 de setembre es celebrar\u00e0 la 10ena edici\u00f3 de la Fira de la Cervesa Artesana i dels elaboradors locals a l&#8217;Espluga de Francol\u00ed. Properament publicarem el programa d&#8217;actes. &nbsp;<\/p>\n","protected":false},"author":6,"featured_media":186753,"comment_status":"closed","ping_status":"closed","sticky":true,"template":"","format":"standard","meta":{"_acf_changed":false,"footnotes":""},"categories":[82,54],"tags":[184],"class_list":["post-186752","post","type-post","status-publish","format-standard","has-post-thumbnail","hentry","category-acte","category-fira","tag-cervesa-artesana"],"acf":[],"_links":{"self":[{"href":"https:\/\/esplugaturisme.cat\/es\/wp-json\/wp\/v2\/posts\/186752","targetHints":{"allow":["GET"]}}],"collection":[{"href":"https:\/\/esplugaturisme.cat\/es\/wp-json\/wp\/v2\/posts"}],"about":[{"href":"https:\/\/esplugaturisme.cat\/es\/wp-json\/wp\/v2\/types\/post"}],"author":[{"embeddable":true,"href":"https:\/\/esplugaturisme.cat\/es\/wp-json\/wp\/v2\/users\/6"}],"replies":[{"embeddable":true,"href":"https:\/\/esplugaturisme.cat\/es\/wp-json\/wp\/v2\/comments?post=186752"}],"version-history":[{"count":2,"href":"https:\/\/esplugaturisme.cat\/es\/wp-json\/wp\/v2\/posts\/186752\/revisions"}],"predecessor-version":[{"id":187130,"href":"https:\/\/esplugaturisme.cat\/es\/wp-json\/wp\/v2\/posts\/186752\/revisions\/187130"}],"wp:featuredmedia":[{"embeddable":true,"href":"https:\/\/esplugaturisme.cat\/es\/wp-json\/wp\/v2\/media\/186753"}],"wp:attachment":[{"href":"https:\/\/esplugaturisme.cat\/es\/wp-json\/wp\/v2\/media?parent=186752"}],"wp:term":[{"taxonomy":"category","embeddable":true,"href":"https:\/\/esplugaturisme.cat\/es\/wp-json\/wp\/v2\/categories?post=186752"},{"taxonomy":"post_tag","embeddable":true,"href":"https:\/\/esplugaturisme.cat\/es\/wp-json\/wp\/v2\/tags?post=186752"}],"curies":[{"name":"wp","href":"https:\/\/api.w.org\/{rel}","templated":true}]}}