{"id":186980,"date":"2026-09-01T13:50:50","date_gmt":"2026-09-01T11:50:50","guid":{"rendered":"https:\/\/esplugaturisme.cat\/?p=186980"},"modified":"2026-09-02T09:12:57","modified_gmt":"2026-09-02T07:12:57","slug":"caminada-popular-11-de-setembre","status":"publish","type":"post","link":"https:\/\/esplugaturisme.cat\/es\/caminada-popular-11-de-setembre\/","title":{"rendered":"CAMINADA POPULAR: 11 de setembre"},"content":{"rendered":"<p>L\u2019Ajuntament de l\u2019Espluga de Francol\u00ed organitza, el proper <strong>divendres 11 de setembre, la 41a Caminada Popular de l\u2019Onze de Setembre. <\/strong><\/p>\n<p>La caminada sortir\u00e0 a les 8.00 h de la pla\u00e7a de la Vila, amb un recorregut de 15,2 km i 525 m de desnivell positiu per l\u2019entorn del PNIN de Poblet i esmorzar a la Casa Forestal de la Pena.<\/p>\n<p>Les inscripcions s\u00f3n gratu\u00eftes i es poden fer fins al 8 de setembre a l\u2019Oficina de Turisme o a Entr\u00e0polis: https:\/\/www.entrapolis.com\/entrades\/41a-caminada-popular-de-l11-de-setembre<\/p>\n<p>A les 12.00 h, a l\u2019Ermita de la Sant\u00edssima Trinitat, se celebrar\u00e0 <strong>l\u2019Acte Institucional de l\u201911 de setembre<\/strong>, amb parlaments i actuacions de les entitats locals.<\/p>\n<p>A partir de les 13.00 h, hi haur\u00e0 <strong>vermut i dinar popular de \u00abJo porto\u00bb a l\u2019Ermita.<\/strong> Per reservar taula, cal contactar amb el 616 799 913 o amb xavi_morgades@hotmail.com.<\/p>\n<p>&nbsp;<\/p>\n<p>A m\u00e9s, <strong>el dissabte 12 de setembre tindr\u00e0 lloc la Marxa de la Llibertat 1976-2026, amb sortida a les 16.30 h de la pla\u00e7a Montserrat Canals i arribada al Monestir de Poblet<\/strong>, on a les 18.30 h se celebrar\u00e0 l\u2019acte de cloenda sota el lema \u00abPoble catal\u00e0, posa\u2019t a caminar!\u00bb.<\/p>\n","protected":false},"excerpt":{"rendered":"<p>L\u2019Ajuntament de l\u2019Espluga de Francol\u00ed organitza, el proper divendres 11 de setembre, la 41a Caminada Popular de l\u2019Onze de Setembre. La caminada sortir\u00e0 a les 8.00 h de la pla\u00e7a de la Vila, amb un recorregut de 15,2 km i 525 m de desnivell positiu per l\u2019entorn del PNIN de Poblet i esmorzar a la [&hellip;]<\/p>\n","protected":false},"author":6,"featured_media":187111,"comment_status":"closed","ping_status":"closed","sticky":true,"template":"","format":"standard","meta":{"_acf_changed":false,"footnotes":""},"categories":[428],"tags":[180,474],"class_list":["post-186980","post","type-post","status-publish","format-standard","has-post-thumbnail","hentry","category-caminada","tag-11-de-setembre","tag-caminada-popular"],"acf":[],"_links":{"self":[{"href":"https:\/\/esplugaturisme.cat\/es\/wp-json\/wp\/v2\/posts\/186980","targetHints":{"allow":["GET"]}}],"collection":[{"href":"https:\/\/esplugaturisme.cat\/es\/wp-json\/wp\/v2\/posts"}],"about":[{"href":"https:\/\/esplugaturisme.cat\/es\/wp-json\/wp\/v2\/types\/post"}],"author":[{"embeddable":true,"href":"https:\/\/esplugaturisme.cat\/es\/wp-json\/wp\/v2\/users\/6"}],"replies":[{"embeddable":true,"href":"https:\/\/esplugaturisme.cat\/es\/wp-json\/wp\/v2\/comments?post=186980"}],"version-history":[{"count":1,"href":"https:\/\/esplugaturisme.cat\/es\/wp-json\/wp\/v2\/posts\/186980\/revisions"}],"predecessor-version":[{"id":186985,"href":"https:\/\/esplugaturisme.cat\/es\/wp-json\/wp\/v2\/posts\/186980\/revisions\/186985"}],"wp:featuredmedia":[{"embeddable":true,"href":"https:\/\/esplugaturisme.cat\/es\/wp-json\/wp\/v2\/media\/187111"}],"wp:attachment":[{"href":"https:\/\/esplugaturisme.cat\/es\/wp-json\/wp\/v2\/media?parent=186980"}],"wp:term":[{"taxonomy":"category","embeddable":true,"href":"https:\/\/esplugaturisme.cat\/es\/wp-json\/wp\/v2\/categories?post=186980"},{"taxonomy":"post_tag","embeddable":true,"href":"https:\/\/esplugaturisme.cat\/es\/wp-json\/wp\/v2\/tags?post=186980"}],"curies":[{"name":"wp","href":"https:\/\/api.w.org\/{rel}","templated":true}]}}